{"id":3988,"date":"2026-04-29T16:33:27","date_gmt":"2026-04-29T16:33:27","guid":{"rendered":"https:\/\/vicariadelmaipo.cl\/wp\/?p=3988"},"modified":"2026-04-29T16:36:37","modified_gmt":"2026-04-29T16:36:37","slug":"mas-de-120-agentes-evangelizadores-culminan-la-escuela-del-decanato-sur","status":"publish","type":"post","link":"https:\/\/vicariadelmaipo.cl\/wp\/mas-de-120-agentes-evangelizadores-culminan-la-escuela-del-decanato-sur\/","title":{"rendered":"M\u00e1s de 120 agentes evangelizadores culminan la Escuela de oto\u00f1o en el Decanato Sur"},"content":{"rendered":"\n<p>Con profunda alegr\u00eda y sentido de misi\u00f3n, el pasado viernes 24 de abril se vivi\u00f3 la jornada final de la Escuela de oto\u00f1o en el Decanato Sur, instancia formativa que convoc\u00f3 a m\u00e1s de 120 agentes evangelizadores provenientes de distintas comunidades, quienes durante este proceso fortalecieron su fe y su compromiso con la vida pastoral.<\/p>\n\n\n\n\n\n<p><\/p>\n\n\n\n<p>El encuentro se desarroll\u00f3 en la Parroquia Nuestra Se\u00f1ora de las Mercedes, espacio que se transform\u00f3 en lugar de formaci\u00f3n, encuentro fraterno y crecimiento espiritual. A lo largo de la Escuela, los participantes pudieron profundizar en diversos contenidos orientados a fortalecer su servicio en las parroquias, integrando herramientas pastorales con una vivencia comunitaria marcada por la escucha, el di\u00e1logo y la oraci\u00f3n.<\/p>\n\n\n\n<p>La jornada final comenz\u00f3 con la celebraci\u00f3n de la Santa Misa, como fue tradici\u00f3n durante cada d\u00eda de la Escuela, poniendo en el centro la Eucarist\u00eda como fuente y culmen de toda vida cristiana. En esta ocasi\u00f3n, la celebraci\u00f3n fue presidida por el vicario episcopal, el presb\u00edtero Ricardo Acosta Serrano, quien invit\u00f3 a los presentes a seguir caminando con fidelidad al Se\u00f1or, fortaleciendo su vocaci\u00f3n de servicio en medio de sus comunidades.<\/p>\n\n\n\n<p>Posteriormente, los participantes se dirigieron a sus respectivas salas, donde, en un ambiente cercano y comunitario, recibieron sus certificados de participaci\u00f3n. Este momento sencillo, pero significativo, fue expresi\u00f3n del camino recorrido, del esfuerzo compartido y del compromiso renovado de cada agente evangelizador con la misi\u00f3n de anunciar el Evangelio.<\/p>\n\n\n\n<p>M\u00e1s que un cierre, esta jornada final se vivi\u00f3 como un env\u00edo. Los participantes regresan a sus comunidades con nuevas herramientas, mayor profundidad en su fe y un renovado entusiasmo misionero, conscientes de que la formaci\u00f3n continua es clave para una Iglesia viva, en salida y al servicio de los dem\u00e1s.<\/p>\n\n\n\n<p>De esta manera, la Escuela del Decanato Sur concluye su proceso formativo, dejando huella en quienes participaron y proyect\u00e1ndose como una instancia que fortalece la vida pastoral y el anuncio de Cristo en cada rinc\u00f3n del territorio.<\/p>\n\n\n\n<p><\/p>\n","protected":false},"excerpt":{"rendered":"<p>Con profunda alegr\u00eda y sentido de misi\u00f3n, el pasado viernes 24 de abril se vivi\u00f3 la jornada final de la Escuela de oto\u00f1o en el Decanato Sur, instancia formativa que [&hellip;]<\/p>\n","protected":false},"author":1,"featured_media":3998,"comment_status":"open","ping_status":"open","sticky":false,"template":"","format":"standard","meta":{"pagelayer_contact_templates":[],"_pagelayer_content":"","site-sidebar-layout":"default","site-content-layout":"","ast-site-content-layout":"default","site-content-style":"default","site-sidebar-style":"default","ast-global-header-display":"","ast-banner-title-visibility":"","ast-main-header-display":"","ast-hfb-above-header-display":"","ast-hfb-below-header-display":"","ast-hfb-mobile-header-display":"","site-post-title":"","ast-breadcrumbs-content":"","ast-featured-img":"disabled","footer-sml-layout":"","theme-transparent-header-meta":"","adv-header-id-meta":"","stick-header-meta":"","header-above-stick-meta":"","header-main-stick-meta":"","header-below-stick-meta":"","astra-migrate-meta-layouts":"set","ast-page-background-enabled":"default","ast-page-background-meta":{"desktop":{"background-color":"","background-image":"","background-repeat":"repeat","background-position":"center center","background-size":"auto","background-attachment":"scroll","background-type":"","background-media":"","overlay-type":"","overlay-color":"","overlay-opacity":"","overlay-gradient":""},"tablet":{"background-color":"","background-image":"","background-repeat":"repeat","background-position":"center center","background-size":"auto","background-attachment":"scroll","background-type":"","background-media":"","overlay-type":"","overlay-color":"","overlay-opacity":"","overlay-gradient":""},"mobile":{"background-color":"","background-image":"","background-repeat":"repeat","background-position":"center center","background-size":"auto","background-attachment":"scroll","background-type":"","background-media":"","overlay-type":"","overlay-color":"","overlay-opacity":"","overlay-gradient":""}},"ast-content-background-meta":{"desktop":{"background-color":"var(--ast-global-color-5)","background-image":"","background-repeat":"repeat","background-position":"center center","background-size":"auto","background-attachment":"scroll","background-type":"","background-media":"","overlay-type":"","overlay-color":"","overlay-opacity":"","overlay-gradient":""},"tablet":{"background-color":"var(--ast-global-color-5)","background-image":"","background-repeat":"repeat","background-position":"center center","background-size":"auto","background-attachment":"scroll","background-type":"","background-media":"","overlay-type":"","overlay-color":"","overlay-opacity":"","overlay-gradient":""},"mobile":{"background-color":"var(--ast-global-color-5)","background-image":"","background-repeat":"repeat","background-position":"center center","background-size":"auto","background-attachment":"scroll","background-type":"","background-media":"","overlay-type":"","overlay-color":"","overlay-opacity":"","overlay-gradient":""}},"footnotes":""},"categories":[20,4],"tags":[],"class_list":["post-3988","post","type-post","status-publish","format-standard","has-post-thumbnail","hentry","category-noticiascatequesis-y-formacion","category-noticias-vicaria"],"_links":{"self":[{"href":"https:\/\/vicariadelmaipo.cl\/wp\/wp-json\/wp\/v2\/posts\/3988","targetHints":{"allow":["GET"]}}],"collection":[{"href":"https:\/\/vicariadelmaipo.cl\/wp\/wp-json\/wp\/v2\/posts"}],"about":[{"href":"https:\/\/vicariadelmaipo.cl\/wp\/wp-json\/wp\/v2\/types\/post"}],"author":[{"embeddable":true,"href":"https:\/\/vicariadelmaipo.cl\/wp\/wp-json\/wp\/v2\/users\/1"}],"replies":[{"embeddable":true,"href":"https:\/\/vicariadelmaipo.cl\/wp\/wp-json\/wp\/v2\/comments?post=3988"}],"version-history":[{"count":2,"href":"https:\/\/vicariadelmaipo.cl\/wp\/wp-json\/wp\/v2\/posts\/3988\/revisions"}],"predecessor-version":[{"id":4028,"href":"https:\/\/vicariadelmaipo.cl\/wp\/wp-json\/wp\/v2\/posts\/3988\/revisions\/4028"}],"wp:featuredmedia":[{"embeddable":true,"href":"https:\/\/vicariadelmaipo.cl\/wp\/wp-json\/wp\/v2\/media\/3998"}],"wp:attachment":[{"href":"https:\/\/vicariadelmaipo.cl\/wp\/wp-json\/wp\/v2\/media?parent=3988"}],"wp:term":[{"taxonomy":"category","embeddable":true,"href":"https:\/\/vicariadelmaipo.cl\/wp\/wp-json\/wp\/v2\/categories?post=3988"},{"taxonomy":"post_tag","embeddable":true,"href":"https:\/\/vicariadelmaipo.cl\/wp\/wp-json\/wp\/v2\/tags?post=3988"}],"curies":[{"name":"wp","href":"https:\/\/api.w.org\/{rel}","templated":true}]}}